{"id":9713,"date":"2025-09-09T13:00:19","date_gmt":"2025-09-09T12:00:19","guid":{"rendered":"https:\/\/tolosaldekomankomunitatea.eus\/?p=9713"},"modified":"2025-09-09T13:02:10","modified_gmt":"2025-09-09T12:02:10","slug":"ya-esta-en-marcha-la-7a-edicion-de-la-campana-ekin","status":"publish","type":"post","link":"https:\/\/tolosaldekomankomunitatea.eus\/es\/noticias\/ya-esta-en-marcha-la-7a-edicion-de-la-campana-ekin\/","title":{"rendered":"Ya est\u00e1 en marcha la 7\u00aa edici\u00f3n de la campa\u00f1a EKIN!"},"content":{"rendered":"<p style=\"text-align: center;\"><a href=\"https:\/\/ekintolosaldea.eus\/\">M\u00e1s informaci\u00f3n sobre el proyecto en ekintolosaldea.eus<\/a><\/p>\n<p>Ya est\u00e1 en marcha la campa\u00f1a sobre los residuos urbanos destinados a los centros escolares de la mancomunidad, EKIN!<\/p>\n<p>Se trata de una campa\u00f1a de sensibilizaci\u00f3n sobre los residuos s\u00f3lidos urbanos dirigida al alumnado de 5\u00ba o 6\u00ba de primaria y al de 3\u00ba de secundaria. El programa est\u00e1 promovido por la Mancomunidad de Tolosaldea y se desarrollar\u00e1 entre los meses de octubre y diciembre, en m\u00e1s de 30 centros escolares de la comarca.<\/p>\n","protected":false},"excerpt":{"rendered":"<p>M\u00e1s informaci\u00f3n sobre el proyecto en ekintolosaldea.eus Ya est\u00e1 en marcha la campa\u00f1a sobre los residuos urbanos destinados a los centros escolares de la mancomunidad, EKIN! Se trata de una campa\u00f1a de sensibilizaci\u00f3n sobre los residuos s\u00f3lidos urbanos dirigida al alumnado de 5\u00ba o 6\u00ba de primaria y al de 3\u00ba de secundaria. El programa [&hellip;]<\/p>\n","protected":false},"author":2,"featured_media":9046,"comment_status":"open","ping_status":"closed","sticky":false,"template":"","format":"standard","meta":{"_acf_changed":false,"footnotes":""},"categories":[45],"tags":[],"class_list":["post-9713","post","type-post","status-publish","format-standard","has-post-thumbnail","hentry","category-noticias"],"acf":[],"yoast_head":"<!-- This site is optimized with the Yoast SEO plugin v25.3.1 - https:\/\/yoast.com\/wordpress\/plugins\/seo\/ -->\n<title>Ya est\u00e1 en marcha la 7\u00aa edici\u00f3n de la campa\u00f1a EKIN! - Tolosaldeako Mankomunitatea<\/title>\n<meta name=\"robots\" content=\"index, follow, max-snippet:-1, max-image-preview:large, max-video-preview:-1\" \/>\n<link rel=\"canonical\" href=\"https:\/\/tolosaldekomankomunitatea.eus\/es\/noticias\/ya-esta-en-marcha-la-7a-edicion-de-la-campana-ekin\/\" \/>\n<meta property=\"og:locale\" content=\"es_ES\" \/>\n<meta property=\"og:type\" content=\"article\" \/>\n<meta property=\"og:title\" content=\"Ya est\u00e1 en marcha la 7\u00aa edici\u00f3n de la campa\u00f1a EKIN! - Tolosaldeako Mankomunitatea\" \/>\n<meta property=\"og:description\" content=\"M\u00e1s informaci\u00f3n sobre el proyecto en ekintolosaldea.eus Ya est\u00e1 en marcha la campa\u00f1a sobre los residuos urbanos destinados a los centros escolares de la mancomunidad, EKIN! Se trata de una campa\u00f1a de sensibilizaci\u00f3n sobre los residuos s\u00f3lidos urbanos dirigida al alumnado de 5\u00ba o 6\u00ba de primaria y al de 3\u00ba de secundaria. El programa [&hellip;]\" \/>\n<meta property=\"og:url\" content=\"https:\/\/tolosaldekomankomunitatea.eus\/es\/noticias\/ya-esta-en-marcha-la-7a-edicion-de-la-campana-ekin\/\" \/>\n<meta property=\"og:site_name\" content=\"Tolosaldeako Mankomunitatea\" \/>\n<meta property=\"article:published_time\" content=\"2025-09-09T12:00:19+00:00\" \/>\n<meta property=\"article:modified_time\" content=\"2025-09-09T12:02:10+00:00\" \/>\n<meta property=\"og:image\" content=\"https:\/\/tolosaldekomankomunitatea.eus\/wp-content\/uploads\/2023\/11\/ekin_6_edizioa.jpg\" \/>\n\t<meta property=\"og:image:width\" content=\"1212\" \/>\n\t<meta property=\"og:image:height\" content=\"1900\" \/>\n\t<meta property=\"og:image:type\" content=\"image\/jpeg\" \/>\n<meta name=\"author\" content=\"mankomunitatea\" \/>\n<meta name=\"twitter:card\" content=\"summary_large_image\" \/>\n<meta name=\"twitter:label1\" content=\"Escrito por\" \/>\n\t<meta name=\"twitter:data1\" content=\"mankomunitatea\" \/>\n\t<meta name=\"twitter:label2\" content=\"Tiempo de lectura\" \/>\n\t<meta name=\"twitter:data2\" content=\"1 minuto\" \/>\n<script type=\"application\/ld+json\" class=\"yoast-schema-graph\">{\"@context\":\"https:\/\/schema.org\",\"@graph\":[{\"@type\":\"WebPage\",\"@id\":\"https:\/\/tolosaldekomankomunitatea.eus\/es\/noticias\/ya-esta-en-marcha-la-7a-edicion-de-la-campana-ekin\/\",\"url\":\"https:\/\/tolosaldekomankomunitatea.eus\/es\/noticias\/ya-esta-en-marcha-la-7a-edicion-de-la-campana-ekin\/\",\"name\":\"Ya est\u00e1 en marcha la 7\u00aa edici\u00f3n de la campa\u00f1a EKIN! - Tolosaldeako Mankomunitatea\",\"isPartOf\":{\"@id\":\"https:\/\/tolosaldekomankomunitatea.eus\/es\/#website\"},\"primaryImageOfPage\":{\"@id\":\"https:\/\/tolosaldekomankomunitatea.eus\/es\/noticias\/ya-esta-en-marcha-la-7a-edicion-de-la-campana-ekin\/#primaryimage\"},\"image\":{\"@id\":\"https:\/\/tolosaldekomankomunitatea.eus\/es\/noticias\/ya-esta-en-marcha-la-7a-edicion-de-la-campana-ekin\/#primaryimage\"},\"thumbnailUrl\":\"https:\/\/tolosaldekomankomunitatea.eus\/wp-content\/uploads\/2023\/11\/ekin_6_edizioa.jpg\",\"datePublished\":\"2025-09-09T12:00:19+00:00\",\"dateModified\":\"2025-09-09T12:02:10+00:00\",\"author\":{\"@id\":\"https:\/\/tolosaldekomankomunitatea.eus\/es\/#\/schema\/person\/c728fdea51d6b84f0aad2232ea1d24bd\"},\"breadcrumb\":{\"@id\":\"https:\/\/tolosaldekomankomunitatea.eus\/es\/noticias\/ya-esta-en-marcha-la-7a-edicion-de-la-campana-ekin\/#breadcrumb\"},\"inLanguage\":\"es\",\"potentialAction\":[{\"@type\":\"ReadAction\",\"target\":[\"https:\/\/tolosaldekomankomunitatea.eus\/es\/noticias\/ya-esta-en-marcha-la-7a-edicion-de-la-campana-ekin\/\"]}]},{\"@type\":\"ImageObject\",\"inLanguage\":\"es\",\"@id\":\"https:\/\/tolosaldekomankomunitatea.eus\/es\/noticias\/ya-esta-en-marcha-la-7a-edicion-de-la-campana-ekin\/#primaryimage\",\"url\":\"https:\/\/tolosaldekomankomunitatea.eus\/wp-content\/uploads\/2023\/11\/ekin_6_edizioa.jpg\",\"contentUrl\":\"https:\/\/tolosaldekomankomunitatea.eus\/wp-content\/uploads\/2023\/11\/ekin_6_edizioa.jpg\",\"width\":1212,\"height\":1900,\"caption\":\"EKIN TOLOSALDEA 2024-2025\"},{\"@type\":\"BreadcrumbList\",\"@id\":\"https:\/\/tolosaldekomankomunitatea.eus\/es\/noticias\/ya-esta-en-marcha-la-7a-edicion-de-la-campana-ekin\/#breadcrumb\",\"itemListElement\":[{\"@type\":\"ListItem\",\"position\":1,\"name\":\"\",\"item\":\"https:\/\/tolosaldekomankomunitatea.eus\/es\/\"},{\"@type\":\"ListItem\",\"position\":2,\"name\":\"Noticias\",\"item\":\"https:\/\/tolosaldekomankomunitatea.eus\/es\/noticias\/\"},{\"@type\":\"ListItem\",\"position\":3,\"name\":\"Ya est\u00e1 en marcha la 7\u00aa edici\u00f3n de la campa\u00f1a EKIN!\"}]},{\"@type\":\"WebSite\",\"@id\":\"https:\/\/tolosaldekomankomunitatea.eus\/es\/#website\",\"url\":\"https:\/\/tolosaldekomankomunitatea.eus\/es\/\",\"name\":\"Tolosaldeako Mankomunitatea\",\"description\":\"Zurekin, alde ederra!\",\"potentialAction\":[{\"@type\":\"SearchAction\",\"target\":{\"@type\":\"EntryPoint\",\"urlTemplate\":\"https:\/\/tolosaldekomankomunitatea.eus\/es\/?s={search_term_string}\"},\"query-input\":{\"@type\":\"PropertyValueSpecification\",\"valueRequired\":true,\"valueName\":\"search_term_string\"}}],\"inLanguage\":\"es\"},{\"@type\":\"Person\",\"@id\":\"https:\/\/tolosaldekomankomunitatea.eus\/es\/#\/schema\/person\/c728fdea51d6b84f0aad2232ea1d24bd\",\"name\":\"mankomunitatea\",\"image\":{\"@type\":\"ImageObject\",\"inLanguage\":\"es\",\"@id\":\"https:\/\/tolosaldekomankomunitatea.eus\/es\/#\/schema\/person\/image\/\",\"url\":\"https:\/\/secure.gravatar.com\/avatar\/04e7f93435661596494d09bf851e8308c72142fdab1d1b2af13203c354c9b7fa?s=96&d=mm&r=g\",\"contentUrl\":\"https:\/\/secure.gravatar.com\/avatar\/04e7f93435661596494d09bf851e8308c72142fdab1d1b2af13203c354c9b7fa?s=96&d=mm&r=g\",\"caption\":\"mankomunitatea\"},\"url\":\"https:\/\/tolosaldekomankomunitatea.eus\/es\/author\/mankomunitatea\/\"}]}<\/script>\n<!-- \/ Yoast SEO plugin. -->","yoast_head_json":{"title":"Ya est\u00e1 en marcha la 7\u00aa edici\u00f3n de la campa\u00f1a EKIN! - Tolosaldeako Mankomunitatea","robots":{"index":"index","follow":"follow","max-snippet":"max-snippet:-1","max-image-preview":"max-image-preview:large","max-video-preview":"max-video-preview:-1"},"canonical":"https:\/\/tolosaldekomankomunitatea.eus\/es\/noticias\/ya-esta-en-marcha-la-7a-edicion-de-la-campana-ekin\/","og_locale":"es_ES","og_type":"article","og_title":"Ya est\u00e1 en marcha la 7\u00aa edici\u00f3n de la campa\u00f1a EKIN! - Tolosaldeako Mankomunitatea","og_description":"M\u00e1s informaci\u00f3n sobre el proyecto en ekintolosaldea.eus Ya est\u00e1 en marcha la campa\u00f1a sobre los residuos urbanos destinados a los centros escolares de la mancomunidad, EKIN! Se trata de una campa\u00f1a de sensibilizaci\u00f3n sobre los residuos s\u00f3lidos urbanos dirigida al alumnado de 5\u00ba o 6\u00ba de primaria y al de 3\u00ba de secundaria. El programa [&hellip;]","og_url":"https:\/\/tolosaldekomankomunitatea.eus\/es\/noticias\/ya-esta-en-marcha-la-7a-edicion-de-la-campana-ekin\/","og_site_name":"Tolosaldeako Mankomunitatea","article_published_time":"2025-09-09T12:00:19+00:00","article_modified_time":"2025-09-09T12:02:10+00:00","og_image":[{"width":1212,"height":1900,"url":"https:\/\/tolosaldekomankomunitatea.eus\/wp-content\/uploads\/2023\/11\/ekin_6_edizioa.jpg","type":"image\/jpeg"}],"author":"mankomunitatea","twitter_card":"summary_large_image","twitter_misc":{"Escrito por":"mankomunitatea","Tiempo de lectura":"1 minuto"},"schema":{"@context":"https:\/\/schema.org","@graph":[{"@type":"WebPage","@id":"https:\/\/tolosaldekomankomunitatea.eus\/es\/noticias\/ya-esta-en-marcha-la-7a-edicion-de-la-campana-ekin\/","url":"https:\/\/tolosaldekomankomunitatea.eus\/es\/noticias\/ya-esta-en-marcha-la-7a-edicion-de-la-campana-ekin\/","name":"Ya est\u00e1 en marcha la 7\u00aa edici\u00f3n de la campa\u00f1a EKIN! - Tolosaldeako Mankomunitatea","isPartOf":{"@id":"https:\/\/tolosaldekomankomunitatea.eus\/es\/#website"},"primaryImageOfPage":{"@id":"https:\/\/tolosaldekomankomunitatea.eus\/es\/noticias\/ya-esta-en-marcha-la-7a-edicion-de-la-campana-ekin\/#primaryimage"},"image":{"@id":"https:\/\/tolosaldekomankomunitatea.eus\/es\/noticias\/ya-esta-en-marcha-la-7a-edicion-de-la-campana-ekin\/#primaryimage"},"thumbnailUrl":"https:\/\/tolosaldekomankomunitatea.eus\/wp-content\/uploads\/2023\/11\/ekin_6_edizioa.jpg","datePublished":"2025-09-09T12:00:19+00:00","dateModified":"2025-09-09T12:02:10+00:00","author":{"@id":"https:\/\/tolosaldekomankomunitatea.eus\/es\/#\/schema\/person\/c728fdea51d6b84f0aad2232ea1d24bd"},"breadcrumb":{"@id":"https:\/\/tolosaldekomankomunitatea.eus\/es\/noticias\/ya-esta-en-marcha-la-7a-edicion-de-la-campana-ekin\/#breadcrumb"},"inLanguage":"es","potentialAction":[{"@type":"ReadAction","target":["https:\/\/tolosaldekomankomunitatea.eus\/es\/noticias\/ya-esta-en-marcha-la-7a-edicion-de-la-campana-ekin\/"]}]},{"@type":"ImageObject","inLanguage":"es","@id":"https:\/\/tolosaldekomankomunitatea.eus\/es\/noticias\/ya-esta-en-marcha-la-7a-edicion-de-la-campana-ekin\/#primaryimage","url":"https:\/\/tolosaldekomankomunitatea.eus\/wp-content\/uploads\/2023\/11\/ekin_6_edizioa.jpg","contentUrl":"https:\/\/tolosaldekomankomunitatea.eus\/wp-content\/uploads\/2023\/11\/ekin_6_edizioa.jpg","width":1212,"height":1900,"caption":"EKIN TOLOSALDEA 2024-2025"},{"@type":"BreadcrumbList","@id":"https:\/\/tolosaldekomankomunitatea.eus\/es\/noticias\/ya-esta-en-marcha-la-7a-edicion-de-la-campana-ekin\/#breadcrumb","itemListElement":[{"@type":"ListItem","position":1,"name":"","item":"https:\/\/tolosaldekomankomunitatea.eus\/es\/"},{"@type":"ListItem","position":2,"name":"Noticias","item":"https:\/\/tolosaldekomankomunitatea.eus\/es\/noticias\/"},{"@type":"ListItem","position":3,"name":"Ya est\u00e1 en marcha la 7\u00aa edici\u00f3n de la campa\u00f1a EKIN!"}]},{"@type":"WebSite","@id":"https:\/\/tolosaldekomankomunitatea.eus\/es\/#website","url":"https:\/\/tolosaldekomankomunitatea.eus\/es\/","name":"Tolosaldeako Mankomunitatea","description":"Zurekin, alde ederra!","potentialAction":[{"@type":"SearchAction","target":{"@type":"EntryPoint","urlTemplate":"https:\/\/tolosaldekomankomunitatea.eus\/es\/?s={search_term_string}"},"query-input":{"@type":"PropertyValueSpecification","valueRequired":true,"valueName":"search_term_string"}}],"inLanguage":"es"},{"@type":"Person","@id":"https:\/\/tolosaldekomankomunitatea.eus\/es\/#\/schema\/person\/c728fdea51d6b84f0aad2232ea1d24bd","name":"mankomunitatea","image":{"@type":"ImageObject","inLanguage":"es","@id":"https:\/\/tolosaldekomankomunitatea.eus\/es\/#\/schema\/person\/image\/","url":"https:\/\/secure.gravatar.com\/avatar\/04e7f93435661596494d09bf851e8308c72142fdab1d1b2af13203c354c9b7fa?s=96&d=mm&r=g","contentUrl":"https:\/\/secure.gravatar.com\/avatar\/04e7f93435661596494d09bf851e8308c72142fdab1d1b2af13203c354c9b7fa?s=96&d=mm&r=g","caption":"mankomunitatea"},"url":"https:\/\/tolosaldekomankomunitatea.eus\/es\/author\/mankomunitatea\/"}]}},"_links":{"self":[{"href":"https:\/\/tolosaldekomankomunitatea.eus\/es\/wp-json\/wp\/v2\/posts\/9713","targetHints":{"allow":["GET"]}}],"collection":[{"href":"https:\/\/tolosaldekomankomunitatea.eus\/es\/wp-json\/wp\/v2\/posts"}],"about":[{"href":"https:\/\/tolosaldekomankomunitatea.eus\/es\/wp-json\/wp\/v2\/types\/post"}],"author":[{"embeddable":true,"href":"https:\/\/tolosaldekomankomunitatea.eus\/es\/wp-json\/wp\/v2\/users\/2"}],"replies":[{"embeddable":true,"href":"https:\/\/tolosaldekomankomunitatea.eus\/es\/wp-json\/wp\/v2\/comments?post=9713"}],"version-history":[{"count":3,"href":"https:\/\/tolosaldekomankomunitatea.eus\/es\/wp-json\/wp\/v2\/posts\/9713\/revisions"}],"predecessor-version":[{"id":9716,"href":"https:\/\/tolosaldekomankomunitatea.eus\/es\/wp-json\/wp\/v2\/posts\/9713\/revisions\/9716"}],"wp:featuredmedia":[{"embeddable":true,"href":"https:\/\/tolosaldekomankomunitatea.eus\/es\/wp-json\/wp\/v2\/media\/9046"}],"wp:attachment":[{"href":"https:\/\/tolosaldekomankomunitatea.eus\/es\/wp-json\/wp\/v2\/media?parent=9713"}],"wp:term":[{"taxonomy":"category","embeddable":true,"href":"https:\/\/tolosaldekomankomunitatea.eus\/es\/wp-json\/wp\/v2\/categories?post=9713"},{"taxonomy":"post_tag","embeddable":true,"href":"https:\/\/tolosaldekomankomunitatea.eus\/es\/wp-json\/wp\/v2\/tags?post=9713"}],"curies":[{"name":"wp","href":"https:\/\/api.w.org\/{rel}","templated":true}]}}