{"id":8418,"date":"2023-01-24T13:46:21","date_gmt":"2023-01-24T12:46:21","guid":{"rendered":"https:\/\/tolosaldekomankomunitatea.eus\/noticias\/hasi-da-bizitza-luzea-kafe-kapsulei-kanpaina\/"},"modified":"2023-01-24T14:24:21","modified_gmt":"2023-01-24T13:24:21","slug":"comienza-la-campana-larga-vida-a-las-capsulas-de-cafe","status":"publish","type":"post","link":"https:\/\/tolosaldekomankomunitatea.eus\/es\/noticias\/comienza-la-campana-larga-vida-a-las-capsulas-de-cafe\/","title":{"rendered":"COMIENZA LA CAMPA\u00d1A \u201cBIZITZA LUZEA KAFE-KAPSULEI- LARGA VIDA A LAS C\u00c1PSULAS DE CAF\u00c9\u201d"},"content":{"rendered":"<p><strong>Entre el 23 de enero y el 16 de febrero se van a instalar en Tolosaldea 60 contenedores para la recogida separada de las c\u00e1psulas de caf\u00e9 usadas, mientras 10 puntos informativos en nueve municipios diferentes intentar\u00e1n concienciar a la ciudadan\u00eda para que las reciclen.<\/strong><\/p>\n<p>Olatz Peon y Gurutze Etxezabal, presidenta y vicepresidenta de la Mancomunidad de Tolosaldea respectivamente, han presentado esta ma\u00f1ana, 23 de enero a las 11:00h en el Tri\u00e1ngulo en Tolosa, la campa\u00f1a que la Mancomunidad, con la ayuda del Departamento de Medio Ambiente y Obras Hidr\u00e1ulicas la Diputaci\u00f3n Foral de Gipuzkoa, ha organizado con el objetivo de recoger selectivamente las c\u00e1psulas de caf\u00e9 usadas.<\/p>\n<p>&nbsp;<\/p>\n<p><img loading=\"lazy\" decoding=\"async\" class=\"alignnone wp-image-8391 size-full\" src=\"https:\/\/tolosaldekomankomunitatea.eus\/wp-content\/uploads\/2023\/01\/imagen.jpg\" alt=\"\" width=\"747\" height=\"560\" srcset=\"https:\/\/tolosaldekomankomunitatea.eus\/wp-content\/uploads\/2023\/01\/imagen.jpg 747w, https:\/\/tolosaldekomankomunitatea.eus\/wp-content\/uploads\/2023\/01\/imagen-300x225.jpg 300w\" sizes=\"auto, (max-width: 747px) 100vw, 747px\" \/><\/p>\n<p>El caf\u00e9 se encuentra entre los productos de mayor consumo mundial. Con el paso de los a\u00f1os el formato de consumo ha ido variando, no siempre hacia un formato sostenible. Actualmente consumir el caf\u00e9 en c\u00e1psulas es muy habitual, tanto que ha adquirido un protagonismo importante entre los residuos que se generan en el hogar, en las cafeter\u00edas, sociedades gastron\u00f3micas&#8230;.<\/p>\n<p><img loading=\"lazy\" decoding=\"async\" class=\"alignnone wp-image-8393 size-full\" src=\"https:\/\/tolosaldekomankomunitatea.eus\/wp-content\/uploads\/2023\/01\/imagen-1.jpg\" alt=\"\" width=\"407\" height=\"226\" srcset=\"https:\/\/tolosaldekomankomunitatea.eus\/wp-content\/uploads\/2023\/01\/imagen-1.jpg 407w, https:\/\/tolosaldekomankomunitatea.eus\/wp-content\/uploads\/2023\/01\/imagen-1-300x167.jpg 300w\" sizes=\"auto, (max-width: 407px) 100vw, 407px\" \/><\/p>\n<p>El residuo que se genera est\u00e1 compuesto por el envase de pl\u00e1stico o aluminio y los posos de caf\u00e9, \u201c<em>dos residuos que tienen diferentes destinos en la recogida selectiva<\/em>\u201d, seg\u00fan nos ha recordado la presidenta de la mancomunidad. \u201c<em>El caf\u00e9 deber\u00eda depositarse en el contenedor marr\u00f3n, mientras que el envase de pl\u00e1stico o de aluminio, en el amarillo<\/em>\u201d. En cambio, en el mejor de los casos, hay quienes desechan las c\u00e1psulas<br \/>\nusadas en el amarillo, llenas de posos o vac\u00edas tras haberlas lavado. En cualquier caso no se recicla el 100%.<\/p>\n<p>A partir de ahora, explicaba Olatz Peon \u201c<em>la ciudadan\u00eda de Tolosaldea podr\u00e1 reciclar sus c\u00e1psulas de caf\u00e9 usadas en los 60 contenedores que se colocar\u00e1n junto al contenedor de aceite usado<\/em>\u201d para poder reciclar al 100% las c\u00e1psulas de caf\u00e9 tal y como puede observarse en los puntos informativos que van a recorrer la mancomunidad, donde las personas que se acerquen podr\u00e1n ver contenedores, recipientes y mobiliario<br \/>\nurbano que se realiza con los envases de las c\u00e1psulas, as\u00ed como sustrato para plantas y pellets para calefacciones con la parte org\u00e1nica, es decir, con los restos de los posos. \u201c<em>De esta manera conseguimos<\/em><br \/>\n<em>introducir la circularidad en la gesti\u00f3n de estos residuos que estaban siendo un problema para la cadena de reciclaje<\/em>\u201d. Por ejemplo, con 6.000 c\u00e1psulas usadas se fabrica un compostador para convertir residuos org\u00e1nicos en compost.<\/p>\n<p>Por otra parte Gurutze Etxezabal, vicepresidenta de la mancomunidad, subrayaba la importancia que tiene la participaci\u00f3n de la ciudadan\u00eda en la recogida selectiva de esta nueva fracci\u00f3n de los residuos urbanos. \u201c<em>Nuestro objetivo es recoger el primer a\u00f1o unos 55.000 kg de estos residuos, es decir, unas 1.750.000 c\u00e1psulas<\/em>\u201d. Para contribuir a ello \u201c<em>estamos buzoneando un folleto informativo en todos los domicilios de la mancomunidad, as\u00ed como organizando puntos informativos para concienciar a la ciudadan\u00eda<\/em>\u201d.<\/p>\n<p><img loading=\"lazy\" decoding=\"async\" class=\"alignnone wp-image-8395 size-full\" src=\"https:\/\/tolosaldekomankomunitatea.eus\/wp-content\/uploads\/2023\/01\/imagen-2.jpg\" alt=\"\" width=\"592\" height=\"444\" srcset=\"https:\/\/tolosaldekomankomunitatea.eus\/wp-content\/uploads\/2023\/01\/imagen-2.jpg 592w, https:\/\/tolosaldekomankomunitatea.eus\/wp-content\/uploads\/2023\/01\/imagen-2-300x225.jpg 300w\" sizes=\"auto, (max-width: 592px) 100vw, 592px\" \/><\/p>\n<p>Estos puntos informativos han comenzado hoy mismo tras la rueda de prensa y continuar\u00e1n por otros nueve municipios de la mancomunidad, siguiendo previsiblemente el siguiente calendario:<\/p>\n<table width=\"444\">\n<tbody>\n<tr>\n<td width=\"113\"><strong>PUEBLO <\/strong><\/td>\n<td width=\"208\"><strong>D\u00cdA <\/strong><\/td>\n<td width=\"123\"><strong>HORA <\/strong><\/td>\n<\/tr>\n<tr>\n<td width=\"113\">TOLOSA<\/td>\n<td width=\"208\">23 de enero, lunes<\/td>\n<td width=\"123\">10:00-14:00<\/td>\n<\/tr>\n<tr>\n<td width=\"113\">ALEGIA<\/td>\n<td width=\"208\">25 de enero, mi\u00e9rcoles<\/td>\n<td width=\"123\">16:00-20:00<\/td>\n<\/tr>\n<tr>\n<td width=\"113\">ANDOAIN<\/td>\n<td width=\"208\">28 de enero, s\u00e1bado<\/td>\n<td width=\"123\">10:00-14:00<\/td>\n<\/tr>\n<tr>\n<td width=\"113\">ANOETA<\/td>\n<td width=\"208\">31 de enero, martes<\/td>\n<td width=\"123\">10:00-14:00<\/td>\n<\/tr>\n<tr>\n<td width=\"113\">TOLOSA<\/td>\n<td width=\"208\">4 de febrero, s\u00e1bado<\/td>\n<td width=\"123\">10:00-14:00<\/td>\n<\/tr>\n<tr>\n<td width=\"113\">ASTEASU<\/td>\n<td width=\"208\">6 de febrero, lunes<\/td>\n<td width=\"123\">16:00-20:00<\/td>\n<\/tr>\n<tr>\n<td width=\"113\">VILLABONA<\/td>\n<td width=\"208\">7 de febrero, martes<\/td>\n<td width=\"123\">10:00-14:00<\/td>\n<\/tr>\n<tr>\n<td width=\"113\">IBARRA<\/td>\n<td width=\"208\">9 de febrero, jueves<\/td>\n<td width=\"123\">16:00-20:00<\/td>\n<\/tr>\n<tr>\n<td width=\"113\">IRURA<\/td>\n<td width=\"208\">14 de febrero, martes<\/td>\n<td width=\"123\">16:00-20:00<\/td>\n<\/tr>\n<tr>\n<td width=\"113\">ZIZURKIL<\/td>\n<td width=\"208\">15 de febrero, mi\u00e9rcoles<\/td>\n<td width=\"123\">16:00-20:00<\/td>\n<\/tr>\n<\/tbody>\n<\/table>\n<p>La vicepresidenta ha animado a que la poblaci\u00f3n se acerque a los puntos informativos, \u201c<em>donde se va a realizar un sorteo diario de un kit de setas sobre sustrato de posos de caf\u00e9 y un recipiente fabricado con los envases entre quienes participen en un sencillo acertijo. Adem\u00e1s, a las primeras 150 personas que se aproximen se les har\u00e1 entrega de una bomba de semillas en posos de caf\u00e9 que podr\u00e1n plantar en un tiesto,<\/em><br \/>\n<em>donde las flores que nazcan nos har\u00e1n recordar lo importante que es reciclar<\/em>\u201d.<\/p>\n<p><img loading=\"lazy\" decoding=\"async\" class=\"alignnone wp-image-8399 size-full\" src=\"https:\/\/tolosaldekomankomunitatea.eus\/wp-content\/uploads\/2023\/01\/imagen-3.png\" alt=\"\" width=\"546\" height=\"258\" srcset=\"https:\/\/tolosaldekomankomunitatea.eus\/wp-content\/uploads\/2023\/01\/imagen-3.png 546w, https:\/\/tolosaldekomankomunitatea.eus\/wp-content\/uploads\/2023\/01\/imagen-3-300x142.png 300w\" sizes=\"auto, (max-width: 546px) 100vw, 546px\" \/><\/p>\n<p>Se espera que para el 26 de enero el folleto informativo llegue a todos los hogares y que para el 7 de febrero se hayan instalado en las calles el contenedor de las c\u00e1psulas de caf\u00e9.<\/p>\n","protected":false},"excerpt":{"rendered":"<p>Entre el 23 de enero y el 16 de febrero se van a instalar en Tolosaldea 60 contenedores para la recogida separada de las c\u00e1psulas de caf\u00e9 usadas, mientras 10 puntos informativos en nueve municipios diferentes intentar\u00e1n concienciar a la ciudadan\u00eda para que las reciclen. Olatz Peon y Gurutze Etxezabal, presidenta y vicepresidenta de la [&hellip;]<\/p>\n","protected":false},"author":2,"featured_media":8413,"comment_status":"open","ping_status":"closed","sticky":false,"template":"","format":"standard","meta":{"_acf_changed":false,"footnotes":""},"categories":[45],"tags":[],"class_list":["post-8418","post","type-post","status-publish","format-standard","has-post-thumbnail","hentry","category-noticias"],"acf":[],"yoast_head":"<!-- This site is optimized with the Yoast SEO plugin v25.3.1 - https:\/\/yoast.com\/wordpress\/plugins\/seo\/ -->\n<title>COMIENZA LA CAMPA\u00d1A \u201cBIZITZA LUZEA KAFE-KAPSULEI- LARGA VIDA A LAS C\u00c1PSULAS DE CAF\u00c9\u201d - Tolosaldeako Mankomunitatea<\/title>\n<meta name=\"robots\" content=\"index, follow, max-snippet:-1, max-image-preview:large, max-video-preview:-1\" \/>\n<link rel=\"canonical\" href=\"https:\/\/tolosaldekomankomunitatea.eus\/es\/noticias\/comienza-la-campana-larga-vida-a-las-capsulas-de-cafe\/\" \/>\n<meta property=\"og:locale\" content=\"es_ES\" \/>\n<meta property=\"og:type\" content=\"article\" \/>\n<meta property=\"og:title\" content=\"COMIENZA LA CAMPA\u00d1A \u201cBIZITZA LUZEA KAFE-KAPSULEI- LARGA VIDA A LAS C\u00c1PSULAS DE CAF\u00c9\u201d - Tolosaldeako Mankomunitatea\" \/>\n<meta property=\"og:description\" content=\"Entre el 23 de enero y el 16 de febrero se van a instalar en Tolosaldea 60 contenedores para la recogida separada de las c\u00e1psulas de caf\u00e9 usadas, mientras 10 puntos informativos en nueve municipios diferentes intentar\u00e1n concienciar a la ciudadan\u00eda para que las reciclen. Olatz Peon y Gurutze Etxezabal, presidenta y vicepresidenta de la [&hellip;]\" \/>\n<meta property=\"og:url\" content=\"https:\/\/tolosaldekomankomunitatea.eus\/es\/noticias\/comienza-la-campana-larga-vida-a-las-capsulas-de-cafe\/\" \/>\n<meta property=\"og:site_name\" content=\"Tolosaldeako Mankomunitatea\" \/>\n<meta property=\"article:published_time\" content=\"2023-01-24T12:46:21+00:00\" \/>\n<meta property=\"article:modified_time\" content=\"2023-01-24T13:24:21+00:00\" \/>\n<meta property=\"og:image\" content=\"https:\/\/tolosaldekomankomunitatea.eus\/wp-content\/uploads\/2023\/01\/edukiontzia-1.jpg\" \/>\n\t<meta property=\"og:image:width\" content=\"500\" \/>\n\t<meta property=\"og:image:height\" content=\"448\" \/>\n\t<meta property=\"og:image:type\" content=\"image\/jpeg\" \/>\n<meta name=\"author\" content=\"mankomunitatea\" \/>\n<meta name=\"twitter:card\" content=\"summary_large_image\" \/>\n<meta name=\"twitter:label1\" content=\"Escrito por\" \/>\n\t<meta name=\"twitter:data1\" content=\"mankomunitatea\" \/>\n\t<meta name=\"twitter:label2\" content=\"Tiempo de lectura\" \/>\n\t<meta name=\"twitter:data2\" content=\"4 minutos\" \/>\n<script type=\"application\/ld+json\" class=\"yoast-schema-graph\">{\"@context\":\"https:\/\/schema.org\",\"@graph\":[{\"@type\":\"WebPage\",\"@id\":\"https:\/\/tolosaldekomankomunitatea.eus\/es\/noticias\/comienza-la-campana-larga-vida-a-las-capsulas-de-cafe\/\",\"url\":\"https:\/\/tolosaldekomankomunitatea.eus\/es\/noticias\/comienza-la-campana-larga-vida-a-las-capsulas-de-cafe\/\",\"name\":\"COMIENZA LA CAMPA\u00d1A \u201cBIZITZA LUZEA KAFE-KAPSULEI- LARGA VIDA A LAS C\u00c1PSULAS DE CAF\u00c9\u201d - Tolosaldeako Mankomunitatea\",\"isPartOf\":{\"@id\":\"https:\/\/tolosaldekomankomunitatea.eus\/es\/#website\"},\"primaryImageOfPage\":{\"@id\":\"https:\/\/tolosaldekomankomunitatea.eus\/es\/noticias\/comienza-la-campana-larga-vida-a-las-capsulas-de-cafe\/#primaryimage\"},\"image\":{\"@id\":\"https:\/\/tolosaldekomankomunitatea.eus\/es\/noticias\/comienza-la-campana-larga-vida-a-las-capsulas-de-cafe\/#primaryimage\"},\"thumbnailUrl\":\"https:\/\/tolosaldekomankomunitatea.eus\/wp-content\/uploads\/2023\/01\/edukiontzia-1.jpg\",\"datePublished\":\"2023-01-24T12:46:21+00:00\",\"dateModified\":\"2023-01-24T13:24:21+00:00\",\"author\":{\"@id\":\"https:\/\/tolosaldekomankomunitatea.eus\/es\/#\/schema\/person\/c728fdea51d6b84f0aad2232ea1d24bd\"},\"breadcrumb\":{\"@id\":\"https:\/\/tolosaldekomankomunitatea.eus\/es\/noticias\/comienza-la-campana-larga-vida-a-las-capsulas-de-cafe\/#breadcrumb\"},\"inLanguage\":\"es\",\"potentialAction\":[{\"@type\":\"ReadAction\",\"target\":[\"https:\/\/tolosaldekomankomunitatea.eus\/es\/noticias\/comienza-la-campana-larga-vida-a-las-capsulas-de-cafe\/\"]}]},{\"@type\":\"ImageObject\",\"inLanguage\":\"es\",\"@id\":\"https:\/\/tolosaldekomankomunitatea.eus\/es\/noticias\/comienza-la-campana-larga-vida-a-las-capsulas-de-cafe\/#primaryimage\",\"url\":\"https:\/\/tolosaldekomankomunitatea.eus\/wp-content\/uploads\/2023\/01\/edukiontzia-1.jpg\",\"contentUrl\":\"https:\/\/tolosaldekomankomunitatea.eus\/wp-content\/uploads\/2023\/01\/edukiontzia-1.jpg\",\"width\":500,\"height\":448},{\"@type\":\"BreadcrumbList\",\"@id\":\"https:\/\/tolosaldekomankomunitatea.eus\/es\/noticias\/comienza-la-campana-larga-vida-a-las-capsulas-de-cafe\/#breadcrumb\",\"itemListElement\":[{\"@type\":\"ListItem\",\"position\":1,\"name\":\"\",\"item\":\"https:\/\/tolosaldekomankomunitatea.eus\/es\/\"},{\"@type\":\"ListItem\",\"position\":2,\"name\":\"Noticias\",\"item\":\"https:\/\/tolosaldekomankomunitatea.eus\/es\/noticias\/\"},{\"@type\":\"ListItem\",\"position\":3,\"name\":\"COMIENZA LA CAMPA\u00d1A \u201cBIZITZA LUZEA KAFE-KAPSULEI- LARGA VIDA A LAS C\u00c1PSULAS DE CAF\u00c9\u201d\"}]},{\"@type\":\"WebSite\",\"@id\":\"https:\/\/tolosaldekomankomunitatea.eus\/es\/#website\",\"url\":\"https:\/\/tolosaldekomankomunitatea.eus\/es\/\",\"name\":\"Tolosaldeako Mankomunitatea\",\"description\":\"Zurekin, alde ederra!\",\"potentialAction\":[{\"@type\":\"SearchAction\",\"target\":{\"@type\":\"EntryPoint\",\"urlTemplate\":\"https:\/\/tolosaldekomankomunitatea.eus\/es\/?s={search_term_string}\"},\"query-input\":{\"@type\":\"PropertyValueSpecification\",\"valueRequired\":true,\"valueName\":\"search_term_string\"}}],\"inLanguage\":\"es\"},{\"@type\":\"Person\",\"@id\":\"https:\/\/tolosaldekomankomunitatea.eus\/es\/#\/schema\/person\/c728fdea51d6b84f0aad2232ea1d24bd\",\"name\":\"mankomunitatea\",\"image\":{\"@type\":\"ImageObject\",\"inLanguage\":\"es\",\"@id\":\"https:\/\/tolosaldekomankomunitatea.eus\/es\/#\/schema\/person\/image\/\",\"url\":\"https:\/\/secure.gravatar.com\/avatar\/04e7f93435661596494d09bf851e8308c72142fdab1d1b2af13203c354c9b7fa?s=96&d=mm&r=g\",\"contentUrl\":\"https:\/\/secure.gravatar.com\/avatar\/04e7f93435661596494d09bf851e8308c72142fdab1d1b2af13203c354c9b7fa?s=96&d=mm&r=g\",\"caption\":\"mankomunitatea\"},\"url\":\"https:\/\/tolosaldekomankomunitatea.eus\/es\/author\/mankomunitatea\/\"}]}<\/script>\n<!-- \/ Yoast SEO plugin. -->","yoast_head_json":{"title":"COMIENZA LA CAMPA\u00d1A \u201cBIZITZA LUZEA KAFE-KAPSULEI- LARGA VIDA A LAS C\u00c1PSULAS DE CAF\u00c9\u201d - Tolosaldeako Mankomunitatea","robots":{"index":"index","follow":"follow","max-snippet":"max-snippet:-1","max-image-preview":"max-image-preview:large","max-video-preview":"max-video-preview:-1"},"canonical":"https:\/\/tolosaldekomankomunitatea.eus\/es\/noticias\/comienza-la-campana-larga-vida-a-las-capsulas-de-cafe\/","og_locale":"es_ES","og_type":"article","og_title":"COMIENZA LA CAMPA\u00d1A \u201cBIZITZA LUZEA KAFE-KAPSULEI- LARGA VIDA A LAS C\u00c1PSULAS DE CAF\u00c9\u201d - Tolosaldeako Mankomunitatea","og_description":"Entre el 23 de enero y el 16 de febrero se van a instalar en Tolosaldea 60 contenedores para la recogida separada de las c\u00e1psulas de caf\u00e9 usadas, mientras 10 puntos informativos en nueve municipios diferentes intentar\u00e1n concienciar a la ciudadan\u00eda para que las reciclen. Olatz Peon y Gurutze Etxezabal, presidenta y vicepresidenta de la [&hellip;]","og_url":"https:\/\/tolosaldekomankomunitatea.eus\/es\/noticias\/comienza-la-campana-larga-vida-a-las-capsulas-de-cafe\/","og_site_name":"Tolosaldeako Mankomunitatea","article_published_time":"2023-01-24T12:46:21+00:00","article_modified_time":"2023-01-24T13:24:21+00:00","og_image":[{"width":500,"height":448,"url":"https:\/\/tolosaldekomankomunitatea.eus\/wp-content\/uploads\/2023\/01\/edukiontzia-1.jpg","type":"image\/jpeg"}],"author":"mankomunitatea","twitter_card":"summary_large_image","twitter_misc":{"Escrito por":"mankomunitatea","Tiempo de lectura":"4 minutos"},"schema":{"@context":"https:\/\/schema.org","@graph":[{"@type":"WebPage","@id":"https:\/\/tolosaldekomankomunitatea.eus\/es\/noticias\/comienza-la-campana-larga-vida-a-las-capsulas-de-cafe\/","url":"https:\/\/tolosaldekomankomunitatea.eus\/es\/noticias\/comienza-la-campana-larga-vida-a-las-capsulas-de-cafe\/","name":"COMIENZA LA CAMPA\u00d1A \u201cBIZITZA LUZEA KAFE-KAPSULEI- LARGA VIDA A LAS C\u00c1PSULAS DE CAF\u00c9\u201d - Tolosaldeako Mankomunitatea","isPartOf":{"@id":"https:\/\/tolosaldekomankomunitatea.eus\/es\/#website"},"primaryImageOfPage":{"@id":"https:\/\/tolosaldekomankomunitatea.eus\/es\/noticias\/comienza-la-campana-larga-vida-a-las-capsulas-de-cafe\/#primaryimage"},"image":{"@id":"https:\/\/tolosaldekomankomunitatea.eus\/es\/noticias\/comienza-la-campana-larga-vida-a-las-capsulas-de-cafe\/#primaryimage"},"thumbnailUrl":"https:\/\/tolosaldekomankomunitatea.eus\/wp-content\/uploads\/2023\/01\/edukiontzia-1.jpg","datePublished":"2023-01-24T12:46:21+00:00","dateModified":"2023-01-24T13:24:21+00:00","author":{"@id":"https:\/\/tolosaldekomankomunitatea.eus\/es\/#\/schema\/person\/c728fdea51d6b84f0aad2232ea1d24bd"},"breadcrumb":{"@id":"https:\/\/tolosaldekomankomunitatea.eus\/es\/noticias\/comienza-la-campana-larga-vida-a-las-capsulas-de-cafe\/#breadcrumb"},"inLanguage":"es","potentialAction":[{"@type":"ReadAction","target":["https:\/\/tolosaldekomankomunitatea.eus\/es\/noticias\/comienza-la-campana-larga-vida-a-las-capsulas-de-cafe\/"]}]},{"@type":"ImageObject","inLanguage":"es","@id":"https:\/\/tolosaldekomankomunitatea.eus\/es\/noticias\/comienza-la-campana-larga-vida-a-las-capsulas-de-cafe\/#primaryimage","url":"https:\/\/tolosaldekomankomunitatea.eus\/wp-content\/uploads\/2023\/01\/edukiontzia-1.jpg","contentUrl":"https:\/\/tolosaldekomankomunitatea.eus\/wp-content\/uploads\/2023\/01\/edukiontzia-1.jpg","width":500,"height":448},{"@type":"BreadcrumbList","@id":"https:\/\/tolosaldekomankomunitatea.eus\/es\/noticias\/comienza-la-campana-larga-vida-a-las-capsulas-de-cafe\/#breadcrumb","itemListElement":[{"@type":"ListItem","position":1,"name":"","item":"https:\/\/tolosaldekomankomunitatea.eus\/es\/"},{"@type":"ListItem","position":2,"name":"Noticias","item":"https:\/\/tolosaldekomankomunitatea.eus\/es\/noticias\/"},{"@type":"ListItem","position":3,"name":"COMIENZA LA CAMPA\u00d1A \u201cBIZITZA LUZEA KAFE-KAPSULEI- LARGA VIDA A LAS C\u00c1PSULAS DE CAF\u00c9\u201d"}]},{"@type":"WebSite","@id":"https:\/\/tolosaldekomankomunitatea.eus\/es\/#website","url":"https:\/\/tolosaldekomankomunitatea.eus\/es\/","name":"Tolosaldeako Mankomunitatea","description":"Zurekin, alde ederra!","potentialAction":[{"@type":"SearchAction","target":{"@type":"EntryPoint","urlTemplate":"https:\/\/tolosaldekomankomunitatea.eus\/es\/?s={search_term_string}"},"query-input":{"@type":"PropertyValueSpecification","valueRequired":true,"valueName":"search_term_string"}}],"inLanguage":"es"},{"@type":"Person","@id":"https:\/\/tolosaldekomankomunitatea.eus\/es\/#\/schema\/person\/c728fdea51d6b84f0aad2232ea1d24bd","name":"mankomunitatea","image":{"@type":"ImageObject","inLanguage":"es","@id":"https:\/\/tolosaldekomankomunitatea.eus\/es\/#\/schema\/person\/image\/","url":"https:\/\/secure.gravatar.com\/avatar\/04e7f93435661596494d09bf851e8308c72142fdab1d1b2af13203c354c9b7fa?s=96&d=mm&r=g","contentUrl":"https:\/\/secure.gravatar.com\/avatar\/04e7f93435661596494d09bf851e8308c72142fdab1d1b2af13203c354c9b7fa?s=96&d=mm&r=g","caption":"mankomunitatea"},"url":"https:\/\/tolosaldekomankomunitatea.eus\/es\/author\/mankomunitatea\/"}]}},"_links":{"self":[{"href":"https:\/\/tolosaldekomankomunitatea.eus\/es\/wp-json\/wp\/v2\/posts\/8418","targetHints":{"allow":["GET"]}}],"collection":[{"href":"https:\/\/tolosaldekomankomunitatea.eus\/es\/wp-json\/wp\/v2\/posts"}],"about":[{"href":"https:\/\/tolosaldekomankomunitatea.eus\/es\/wp-json\/wp\/v2\/types\/post"}],"author":[{"embeddable":true,"href":"https:\/\/tolosaldekomankomunitatea.eus\/es\/wp-json\/wp\/v2\/users\/2"}],"replies":[{"embeddable":true,"href":"https:\/\/tolosaldekomankomunitatea.eus\/es\/wp-json\/wp\/v2\/comments?post=8418"}],"version-history":[{"count":3,"href":"https:\/\/tolosaldekomankomunitatea.eus\/es\/wp-json\/wp\/v2\/posts\/8418\/revisions"}],"predecessor-version":[{"id":8421,"href":"https:\/\/tolosaldekomankomunitatea.eus\/es\/wp-json\/wp\/v2\/posts\/8418\/revisions\/8421"}],"wp:featuredmedia":[{"embeddable":true,"href":"https:\/\/tolosaldekomankomunitatea.eus\/es\/wp-json\/wp\/v2\/media\/8413"}],"wp:attachment":[{"href":"https:\/\/tolosaldekomankomunitatea.eus\/es\/wp-json\/wp\/v2\/media?parent=8418"}],"wp:term":[{"taxonomy":"category","embeddable":true,"href":"https:\/\/tolosaldekomankomunitatea.eus\/es\/wp-json\/wp\/v2\/categories?post=8418"},{"taxonomy":"post_tag","embeddable":true,"href":"https:\/\/tolosaldekomankomunitatea.eus\/es\/wp-json\/wp\/v2\/tags?post=8418"}],"curies":[{"name":"wp","href":"https:\/\/api.w.org\/{rel}","templated":true}]}}